{"id":3872,"date":"2022-01-19T14:29:11","date_gmt":"2022-01-19T14:29:11","guid":{"rendered":"https:\/\/www.united-against-waste.ch\/fr\/?post_type=uaw_press&#038;p=3872"},"modified":"2022-01-19T14:29:11","modified_gmt":"2022-01-19T14:29:11","slug":"food-save-oberland-bernois-toutes-les-informations-en-un-coup-doeil","status":"publish","type":"uaw_press","link":"https:\/\/united-against-waste.ch\/fr\/media-article\/food-save-oberland-bernois-toutes-les-informations-en-un-coup-doeil\/","title":{"rendered":"Food Save Oberland Bernois &#8211; Toutes les informations en un coup d&#8217;\u0153il !"},"content":{"rendered":"<p>United Against Waste lancera en \u00e9t\u00e9 2021 avec des partenaires le grand projet Food Save Berner Oberland #FSBEO. En tant que journalistes, vous trouverez ici suffisamment d&#8217;informations de base et de coordonn\u00e9es pour vos demandes.<\/p>\n<p>&nbsp;<\/p>\n<p><strong>#FSBEO en bref<\/strong><br \/>\nFood Save Berner Oberland est un projet de United Against Waste, le r\u00e9seau sectoriel contre le gaspillage alimentaire dans la consommation hors domicile. Le projet est soutenu par <a href=\"https:\/\/www.hotelleriesuisse.ch\/fr\/\" target=\"_blank\" rel=\"noopener\">Hotelleriesuisse<\/a>, <a href=\"https:\/\/www.hr-gastro.ch\/Startseite\" target=\"_blank\" rel=\"noopener\">HR Gastro<\/a> et <a href=\"https:\/\/www.be.ch\/fr\/start.html\" target=\"_blank\" rel=\"noopener\">le canton de Berne<\/a>. Pendant la dur\u00e9e du projet d&#8217;environ un an, 30 \u00e9tablissements h\u00f4teliers de la r\u00e9gion de l&#8217;Oberland bernois feront le point sur l&#8217;\u00e9tat actuel de leur gaspillage alimentaire, recevront des conseils personnalis\u00e9s dans le cadre d&#8217;un atelier, mettront en \u0153uvre des mesures avec l&#8217;aide d&#8217;experts et proc\u00e9deront \u00e0 une mesure des r\u00e9sultats au bout d&#8217;un an environ. Les exp\u00e9riences du grand projet Food Save B\u00e2le-Ville montrent que les meilleurs \u00e9tablissements sont en mesure de r\u00e9duire leur gaspillage alimentaire <a href=\"https:\/\/united-against-waste.ch\/fr\/media-article\/70-pour-cent-food-save\/\" target=\"_blank\" rel=\"noopener\">jusqu&#8217;\u00e0 70 % \u00e0 long terme<\/a>. Les h\u00f4tels peuvent ainsi r\u00e9duire efficacement les co\u00fbts dans le domaine de l&#8217;achat de marchandises et de la transformation.<\/p>\n<p>&nbsp;<\/p>\n<p><strong>Points forts du programme<\/strong><br \/>\n<strong>Juin 2021<\/strong><br \/>\nLancement du projet avec le premier groupe de d\u00e9part compos\u00e9 de 10 \u00e9tablissements h\u00f4teliers. Les autres groupes de d\u00e9part suivront en juillet et ao\u00fbt avec la mesure de l&#8217;\u00e9tat r\u00e9el pendant quatre semaines.<\/p>\n<p><strong>Septembre 2021<\/strong><br \/>\nLe relev\u00e9 de l&#8217;\u00e9tat r\u00e9el est termin\u00e9 pour tous les \u00e9tablissements participants et l&#8217;\u00e9valuation des donn\u00e9es est achev\u00e9e. Tous les \u00e9tablissements ont d\u00e9sormais un aper\u00e7u de la situation en mati\u00e8re de Food Waste et ont \u00e9labor\u00e9, en collaboration avec le conseiller, de pr\u00e9cieux conseils pour la r\u00e9duire.<\/p>\n<p><strong>De septembre 2021 \u00e0 juin 2022<\/strong><br \/>\nDurant cette phase, il appartient aux \u00e9tablissements de mettre en \u0153uvre les mesures pr\u00e9vues et de faire avancer la lutte contre le gaspillage alimentaire.<\/p>\n<p><strong>De juin 2022 \u00e0 septembre 2022<\/strong><br \/>\nLes entreprises participantes passent l&#8217;\u00e9valuation des r\u00e9sultats et d\u00e9couvrent la quantit\u00e9 de d\u00e9chets alimentaires qu&#8217;elles ont pu \u00e9conomiser. La mesure de la r\u00e9ussite montrera comment l&#8217;h\u00f4tel a \u00e9volu\u00e9 par rapport \u00e0 l&#8217;ann\u00e9e pr\u00e9c\u00e9dente.<\/p>\n<p><strong>Novembre 2022<\/strong><br \/>\nLes \u00e9tablissements participants participent \u00e0 un \u00e9change d&#8217;exp\u00e9riences et peuvent \u00e9changer ensemble sur le sujet. Cet \u00e9v\u00e9nement permet de cr\u00e9er un r\u00e9seau et de partager de pr\u00e9cieuses exp\u00e9riences et un savoir-faire sur la mani\u00e8re d&#8217;agir de mani\u00e8re cibl\u00e9e et polyvalente contre le gaspillage alimentaire.<\/p>\n<p>&nbsp;<\/p>\n<p><strong>Services associ\u00e9s<\/strong><br \/>\nPendant la phase de projet d&#8217;environ un an, les participants b\u00e9n\u00e9ficient de modules issus de l&#8217;<a href=\"\/?uaw_activities_tags=food-save-management-hotellerie-et-gastronomie\" target=\"_blank\" rel=\"noopener\">UAW Food Save Management<\/a>. L&#8217;approche de gestion du gaspillage alimentaire permet de prendre des mesures orient\u00e9es sur le long terme, qui permettent de progresser durablement dans la lutte contre les pertes alimentaires.<\/p>\n<p>Les \u00e9tablissements r\u00e9alisent les enqu\u00eates (mesure de la situation actuelle et des r\u00e9sultats) selon l&#8217;approche de la <a href=\"https:\/\/united-against-waste.ch\/fr\/activite\/mesures-detaillees\/\" target=\"_blank\" rel=\"noopener\">mesure d\u00e9taill\u00e9e<\/a>. Pendant quatre semaines, les \u00e9tablissements rel\u00e8vent leur gaspillage alimentaire \u00e0 l&#8217;aide d&#8217;un outil de relev\u00e9 efficace. Ils obtiennent ainsi des informations d\u00e9taill\u00e9es sur le food waste sous une forme claire et des possibilit\u00e9s de comparaison. ce processus d\u00e9clenche une sensibilisation au sein de l&#8217;\u00e9quipe et montre o\u00f9 le food waste est g\u00e9n\u00e9r\u00e9 partout dans la cuisine.<\/p>\n<p>Suite \u00e0 la mesure d\u00e9taill\u00e9e, UAW organise un <a href=\"https:\/\/united-against-waste.ch\/aktivitat\/workshops\/\" target=\"_blank\" rel=\"noopener\">workshop<\/a> individuel avec chaque \u00e9tablissement. L&#8217;\u00e9quipe gastronomique profite d&#8217;un \u00e9change intensif sur le th\u00e8me et d&#8217;aper\u00e7us tir\u00e9s de la pratique. En collaboration avec le conseiller d&#8217;UAW, les \u00e9tablissements peuvent \u00e9laborer des mesures efficaces pour r\u00e9duire les d\u00e9chets alimentaires et d\u00e9finir des phases de mise en \u0153uvre.<\/p>\n<p>&nbsp;<\/p>\n<p><strong>Partenaires du projet<\/strong><\/p>\n<p><img decoding=\"async\" class=\"alignnone wp-image-3541 lazyload\" data-src=\"https:\/\/united-against-waste.ch\/smush-webp\/2021\/05\/HR-Gastro_cmyk-300x196.jpg.webp\" alt=\"\" width=\"150\" height=\"98\" data-srcset=\"https:\/\/united-against-waste.ch\/smush-webp\/2021\/05\/HR-Gastro_cmyk-300x196.jpg.webp 300w, https:\/\/united-against-waste.ch\/smush-webp\/2021\/05\/HR-Gastro_cmyk-768x501.jpg.webp 768w, https:\/\/united-against-waste.ch\/smush-webp\/2021\/05\/HR-Gastro_cmyk-1024x668.jpg.webp 1024w, https:\/\/united-against-waste.ch\/smush-webp\/2021\/05\/HR-Gastro_cmyk-107x70.jpg.webp 107w, https:\/\/united-against-waste.ch\/smush-webp\/2021\/05\/HR-Gastro_cmyk.jpg.webp 1417w\" data-sizes=\"auto\" src=\"data:image\/svg+xml;base64,PHN2ZyB3aWR0aD0iMSIgaGVpZ2h0PSIxIiB4bWxucz0iaHR0cDovL3d3dy53My5vcmcvMjAwMC9zdmciPjwvc3ZnPg==\" style=\"--smush-placeholder-width: 150px; --smush-placeholder-aspect-ratio: 150\/98;\" data-original-sizes=\"(max-width: 150px) 100vw, 150px\" \/><\/p>\n<p><img decoding=\"async\" class=\"alignnone wp-image-3542 lazyload\" data-src=\"https:\/\/united-against-waste.ch\/smush-webp\/2021\/05\/HS-Logo-BernerOberland-RS-RGB-300x109.png.webp\" alt=\"\" width=\"250\" height=\"91\" data-srcset=\"https:\/\/united-against-waste.ch\/smush-webp\/2021\/05\/HS-Logo-BernerOberland-RS-RGB-300x109.png.webp 300w, https:\/\/united-against-waste.ch\/smush-webp\/2021\/05\/HS-Logo-BernerOberland-RS-RGB-768x279.png.webp 768w, https:\/\/united-against-waste.ch\/smush-webp\/2021\/05\/HS-Logo-BernerOberland-RS-RGB-1024x372.png.webp 1024w, https:\/\/united-against-waste.ch\/smush-webp\/2021\/05\/HS-Logo-BernerOberland-RS-RGB-193x70.png.webp 193w, https:\/\/united-against-waste.ch\/smush-webp\/2021\/05\/HS-Logo-BernerOberland-RS-RGB.png.webp 1845w\" data-sizes=\"auto\" src=\"data:image\/svg+xml;base64,PHN2ZyB3aWR0aD0iMSIgaGVpZ2h0PSIxIiB4bWxucz0iaHR0cDovL3d3dy53My5vcmcvMjAwMC9zdmciPjwvc3ZnPg==\" style=\"--smush-placeholder-width: 250px; --smush-placeholder-aspect-ratio: 250\/91;\" data-original-sizes=\"(max-width: 250px) 100vw, 250px\" \/><\/p>\n<p><img decoding=\"async\" class=\"alignnone wp-image-3543 lazyload\" data-src=\"https:\/\/united-against-waste.ch\/uploads\/2021\/05\/Logo-Kanton-Bern-BE-300x140.png\" alt=\"\" width=\"200\" height=\"93\" data-srcset=\"https:\/\/united-against-waste.ch\/uploads\/2021\/05\/Logo-Kanton-Bern-BE-300x140.png 300w, https:\/\/united-against-waste.ch\/smush-webp\/2021\/05\/Logo-Kanton-Bern-BE-768x359.png.webp 768w, https:\/\/united-against-waste.ch\/smush-webp\/2021\/05\/Logo-Kanton-Bern-BE-150x70.png.webp 150w, https:\/\/united-against-waste.ch\/smush-webp\/2021\/05\/Logo-Kanton-Bern-BE.png.webp 976w\" data-sizes=\"auto\" src=\"data:image\/svg+xml;base64,PHN2ZyB3aWR0aD0iMSIgaGVpZ2h0PSIxIiB4bWxucz0iaHR0cDovL3d3dy53My5vcmcvMjAwMC9zdmciPjwvc3ZnPg==\" style=\"--smush-placeholder-width: 200px; --smush-placeholder-aspect-ratio: 200\/93;\" data-original-sizes=\"(max-width: 200px) 100vw, 200px\" \/><\/p>\n<p>&nbsp;<\/p>\n<p><strong>Demandes pour les participants et documentation<\/strong><br \/>\nPour toute demande concernant les entreprises participantes, la documentation ou des informations suppl\u00e9mentaires, veuillez contacter Jane Pabst, responsable de la communication chez United Against Waste, par e-mail \u00e0 <a href=\"mailto:jane.pabst@foodways.ch\">jane.pabst@foodways.ch<\/a><\/p>\n","protected":false},"excerpt":{"rendered":"<p>United Against Waste lancera en \u00e9t\u00e9 2021 avec des partenaires le grand projet Food Save Berner Oberland #FSBEO. En tant que journalistes, vous trouverez ici suffisamment d&#8217;informations de base et de coordonn\u00e9es pour vos demandes. &nbsp; #FSBEO en bref Food&#8230;<\/p>\n","protected":false},"featured_media":3584,"template":"","meta":{"inline_featured_image":false},"press_filters":[40],"class_list":["post-3872","uaw_press","type-uaw_press","status-publish","has-post-thumbnail","hentry","press_filters-presse"],"acf":[],"aioseo_notices":[],"_links":{"self":[{"href":"https:\/\/united-against-waste.ch\/fr\/wp-json\/wp\/v2\/uaw_press\/3872","targetHints":{"allow":["GET"]}}],"collection":[{"href":"https:\/\/united-against-waste.ch\/fr\/wp-json\/wp\/v2\/uaw_press"}],"about":[{"href":"https:\/\/united-against-waste.ch\/fr\/wp-json\/wp\/v2\/types\/uaw_press"}],"wp:featuredmedia":[{"embeddable":true,"href":"https:\/\/united-against-waste.ch\/fr\/wp-json\/wp\/v2\/media\/3584"}],"wp:attachment":[{"href":"https:\/\/united-against-waste.ch\/fr\/wp-json\/wp\/v2\/media?parent=3872"}],"wp:term":[{"taxonomy":"press_filters","embeddable":true,"href":"https:\/\/united-against-waste.ch\/fr\/wp-json\/wp\/v2\/press_filters?post=3872"}],"curies":[{"name":"wp","href":"https:\/\/api.w.org\/{rel}","templated":true}]}}