{"id":9352,"date":"2026-02-05T11:00:55","date_gmt":"2026-02-05T11:00:55","guid":{"rendered":"https:\/\/united-against-waste.ch\/?post_type=uaw_newspress&#038;p=9352"},"modified":"2026-08-19T11:38:38","modified_gmt":"2026-08-19T11:38:38","slug":"focus-food-save-2026","status":"publish","type":"uaw_newspress","link":"https:\/\/united-against-waste.ch\/fr\/evenement\/focus-food-save-2026\/","title":{"rendered":"Focus Food Save 2026"},"content":{"rendered":"\n<div class=\"wp-block-columns alignwide are-vertically-aligned-center is-layout-flex wp-container-core-columns-is-layout-8f761849 wp-block-columns-is-layout-flex\">\n<div class=\"wp-block-column is-vertically-aligned-center is-layout-flow wp-block-column-is-layout-flow\">\n<p class=\"wp-block-paragraph\" style=\"line-height:2\"><strong>Lieu:<\/strong><br><a href=\"https:\/\/share.google\/iR0nKEOFEREjG5lgu\" target=\"_blank\" rel=\"noopener\" title=\"\">Kursaal Berne<\/a><\/p>\n<\/div>\n\n\n\n<div class=\"wp-block-column is-vertically-aligned-center is-layout-flow wp-block-column-is-layout-flow\">\n<p class=\"wp-block-paragraph\" style=\"line-height:2\"><strong>Date et heure:<\/strong><br>24 juin 2026 | 9h00 &#8211; 15h00<\/p>\n<\/div>\n\n\n\n<div class=\"wp-block-column is-vertically-aligned-center is-layout-flow wp-block-column-is-layout-flow\">\n<div class=\"wp-block-buttons is-layout-flex wp-block-buttons-is-layout-flex\">\n<div class=\"wp-block-button has-custom-width wp-block-button__width-100\"><a class=\"wp-block-button__link has-luminous-vivid-orange-background-color has-text-color has-background wp-element-button\" href=\"#download\" style=\"color:#efefef\">T\u00e9l\u00e9charger les pr\u00e9sentations<\/a><\/div>\n<\/div>\n<\/div>\n<\/div>\n\n\n\n<div style=\"height:10px\" aria-hidden=\"true\" class=\"wp-block-spacer\"><\/div>\n\n\n\n<p class=\"wp-block-paragraph\">Le <strong>24 juin 2026<\/strong> \u00e0 Berne, tout a tourn\u00e9 autour de solutions concr\u00e8tes de Food Save \u2013 transversales, innovantes et pratiques ! Lors de l\u2019\u00e9v\u00e9nement phare annuel de United Against Waste, <strong>les personnalit\u00e9s Food Save les plus innovantes, issues de la recherche, de l\u2019\u00e9conomie et de l\u2019administration publique<\/strong>, se sont r\u00e9unies pour discuter de nouvelles approches et lancer des mesures efficaces.<\/p>\n\n\n\n<div style=\"height:10px\" aria-hidden=\"true\" class=\"wp-block-spacer\"><\/div>\n\n\n\n<p class=\"has-background wp-block-paragraph\" style=\"background:linear-gradient(135deg,rgb(238,238,238) 0%,rgb(238,238,238) 100%)\"><strong>2026 est plac\u00e9e sous le th\u00e8me : \u00ab close the gaps ! \u00bb<\/strong> Nous comblons les lacunes en consid\u00e9rant le Food Save non pas comme une mesure de durabilit\u00e9 isol\u00e9e, mais en l\u2019int\u00e9grant directement dans les processus cl\u00e9s des entreprises. Pour des produits plus durables et plus sains. Pour des consommatrices et consommateurs sensibilis\u00e9s et satisfaits. Pour des collaboratrices et collaborateurs comp\u00e9tents. Et pour une fili\u00e8re agroalimentaire plus efficace, avec moins de pertes.<\/p>\n\n\n\n<div style=\"height:10px\" aria-hidden=\"true\" class=\"wp-block-spacer\"><\/div>\n\n\n\n<h4 id=\"download\" class=\"wp-block-heading\">T\u00e9l\u00e9chargements<\/h4>\n\n\n\n<div style=\"height:10px\" aria-hidden=\"true\" class=\"wp-block-spacer\"><\/div>\n\n\n<div class=\"\"><div class='_form_276'><\/div><script type='text\/javascript' src='https:\/\/foodwaysconsulting.activehosted.com\/f\/embed.php?static=0&id=276&6A9765D26E1D5&nostyles=0&preview=0'><\/script><\/div>\n\n\n<div style=\"height:30px\" aria-hidden=\"true\" class=\"wp-block-spacer\"><\/div>\n\n\n\n<h2 id=\"impressionen\" class=\"wp-block-heading\">Impressions du Focus Food Save 2026<\/h2>\n\n\n\n<figure class=\"wp-block-gallery has-nested-images columns-default is-cropped wp-block-gallery-1 is-layout-flex wp-block-gallery-is-layout-flex\">\n<figure class=\"wp-block-image size-large\"><img decoding=\"async\" width=\"1024\" height=\"683\" data-id=\"10175\" data-src=\"https:\/\/united-against-waste.ch\/smush-webp\/2026\/02\/Focus-Food-Save-2026-192-1024x683.jpg.webp\" alt=\"\" class=\"wp-image-10175 lazyload\" data-srcset=\"https:\/\/united-against-waste.ch\/smush-webp\/2026\/02\/Focus-Food-Save-2026-192-1024x683.jpg.webp 1024w, https:\/\/united-against-waste.ch\/smush-webp\/2026\/02\/Focus-Food-Save-2026-192-300x200.jpg.webp 300w, https:\/\/united-against-waste.ch\/smush-webp\/2026\/02\/Focus-Food-Save-2026-192-768x512.jpg.webp 768w, https:\/\/united-against-waste.ch\/smush-webp\/2026\/02\/Focus-Food-Save-2026-192-1536x1024.jpg.webp 1536w, https:\/\/united-against-waste.ch\/smush-webp\/2026\/02\/Focus-Food-Save-2026-192-2048x1365.jpg.webp 2048w, https:\/\/united-against-waste.ch\/smush-webp\/2026\/02\/Focus-Food-Save-2026-192-1920x1280.jpg.webp 1920w, https:\/\/united-against-waste.ch\/smush-webp\/2026\/02\/Focus-Food-Save-2026-192-900x600.jpg.webp 900w, https:\/\/united-against-waste.ch\/smush-webp\/2026\/02\/Focus-Food-Save-2026-192-105x70.jpg.webp 105w\" data-sizes=\"auto\" src=\"data:image\/svg+xml;base64,PHN2ZyB3aWR0aD0iMSIgaGVpZ2h0PSIxIiB4bWxucz0iaHR0cDovL3d3dy53My5vcmcvMjAwMC9zdmciPjwvc3ZnPg==\" style=\"--smush-placeholder-width: 1024px; --smush-placeholder-aspect-ratio: 1024\/683;\" data-original-sizes=\"(max-width: 1024px) 100vw, 1024px\" \/><\/figure>\n\n\n\n<figure class=\"wp-block-image size-large\"><img decoding=\"async\" width=\"1024\" height=\"683\" data-id=\"10173\" data-src=\"https:\/\/united-against-waste.ch\/smush-webp\/2026\/02\/Focus-Food-Save-2026-141-1024x683.jpg.webp\" alt=\"\" class=\"wp-image-10173 lazyload\" data-srcset=\"https:\/\/united-against-waste.ch\/smush-webp\/2026\/02\/Focus-Food-Save-2026-141-1024x683.jpg.webp 1024w, https:\/\/united-against-waste.ch\/smush-webp\/2026\/02\/Focus-Food-Save-2026-141-300x200.jpg.webp 300w, https:\/\/united-against-waste.ch\/smush-webp\/2026\/02\/Focus-Food-Save-2026-141-768x512.jpg.webp 768w, https:\/\/united-against-waste.ch\/smush-webp\/2026\/02\/Focus-Food-Save-2026-141-1536x1024.jpg.webp 1536w, https:\/\/united-against-waste.ch\/smush-webp\/2026\/02\/Focus-Food-Save-2026-141-2048x1365.jpg.webp 2048w, https:\/\/united-against-waste.ch\/smush-webp\/2026\/02\/Focus-Food-Save-2026-141-1920x1280.jpg.webp 1920w, https:\/\/united-against-waste.ch\/smush-webp\/2026\/02\/Focus-Food-Save-2026-141-900x600.jpg.webp 900w, https:\/\/united-against-waste.ch\/smush-webp\/2026\/02\/Focus-Food-Save-2026-141-105x70.jpg.webp 105w\" data-sizes=\"auto\" src=\"data:image\/svg+xml;base64,PHN2ZyB3aWR0aD0iMSIgaGVpZ2h0PSIxIiB4bWxucz0iaHR0cDovL3d3dy53My5vcmcvMjAwMC9zdmciPjwvc3ZnPg==\" style=\"--smush-placeholder-width: 1024px; --smush-placeholder-aspect-ratio: 1024\/683;\" data-original-sizes=\"(max-width: 1024px) 100vw, 1024px\" \/><\/figure>\n\n\n\n<figure class=\"wp-block-image size-large\"><img decoding=\"async\" width=\"1024\" height=\"683\" data-id=\"10171\" data-src=\"https:\/\/united-against-waste.ch\/smush-webp\/2026\/02\/Focus-Food-Save-2026-67-1024x683.jpg.webp\" alt=\"\" class=\"wp-image-10171 lazyload\" data-srcset=\"https:\/\/united-against-waste.ch\/smush-webp\/2026\/02\/Focus-Food-Save-2026-67-1024x683.jpg.webp 1024w, https:\/\/united-against-waste.ch\/smush-webp\/2026\/02\/Focus-Food-Save-2026-67-300x200.jpg.webp 300w, https:\/\/united-against-waste.ch\/smush-webp\/2026\/02\/Focus-Food-Save-2026-67-768x512.jpg.webp 768w, https:\/\/united-against-waste.ch\/smush-webp\/2026\/02\/Focus-Food-Save-2026-67-1536x1024.jpg.webp 1536w, https:\/\/united-against-waste.ch\/smush-webp\/2026\/02\/Focus-Food-Save-2026-67-2048x1365.jpg.webp 2048w, https:\/\/united-against-waste.ch\/smush-webp\/2026\/02\/Focus-Food-Save-2026-67-1920x1280.jpg.webp 1920w, https:\/\/united-against-waste.ch\/smush-webp\/2026\/02\/Focus-Food-Save-2026-67-900x600.jpg.webp 900w, https:\/\/united-against-waste.ch\/smush-webp\/2026\/02\/Focus-Food-Save-2026-67-105x70.jpg.webp 105w\" data-sizes=\"auto\" src=\"data:image\/svg+xml;base64,PHN2ZyB3aWR0aD0iMSIgaGVpZ2h0PSIxIiB4bWxucz0iaHR0cDovL3d3dy53My5vcmcvMjAwMC9zdmciPjwvc3ZnPg==\" style=\"--smush-placeholder-width: 1024px; --smush-placeholder-aspect-ratio: 1024\/683;\" data-original-sizes=\"(max-width: 1024px) 100vw, 1024px\" \/><\/figure>\n\n\n\n<figure class=\"wp-block-image size-large\"><img decoding=\"async\" width=\"1024\" height=\"683\" data-id=\"10169\" data-src=\"https:\/\/united-against-waste.ch\/smush-webp\/2026\/02\/Focus-Food-Save-2026-190-1024x683.jpg.webp\" alt=\"\" class=\"wp-image-10169 lazyload\" data-srcset=\"https:\/\/united-against-waste.ch\/smush-webp\/2026\/02\/Focus-Food-Save-2026-190-1024x683.jpg.webp 1024w, https:\/\/united-against-waste.ch\/smush-webp\/2026\/02\/Focus-Food-Save-2026-190-300x200.jpg.webp 300w, https:\/\/united-against-waste.ch\/smush-webp\/2026\/02\/Focus-Food-Save-2026-190-768x512.jpg.webp 768w, https:\/\/united-against-waste.ch\/smush-webp\/2026\/02\/Focus-Food-Save-2026-190-1536x1024.jpg.webp 1536w, https:\/\/united-against-waste.ch\/smush-webp\/2026\/02\/Focus-Food-Save-2026-190-2048x1365.jpg.webp 2048w, https:\/\/united-against-waste.ch\/smush-webp\/2026\/02\/Focus-Food-Save-2026-190-1920x1280.jpg.webp 1920w, https:\/\/united-against-waste.ch\/smush-webp\/2026\/02\/Focus-Food-Save-2026-190-900x600.jpg.webp 900w, https:\/\/united-against-waste.ch\/smush-webp\/2026\/02\/Focus-Food-Save-2026-190-105x70.jpg.webp 105w\" data-sizes=\"auto\" src=\"data:image\/svg+xml;base64,PHN2ZyB3aWR0aD0iMSIgaGVpZ2h0PSIxIiB4bWxucz0iaHR0cDovL3d3dy53My5vcmcvMjAwMC9zdmciPjwvc3ZnPg==\" style=\"--smush-placeholder-width: 1024px; --smush-placeholder-aspect-ratio: 1024\/683;\" data-original-sizes=\"(max-width: 1024px) 100vw, 1024px\" \/><\/figure>\n\n\n\n<figure class=\"wp-block-image size-large\"><img decoding=\"async\" data-id=\"10167\" data-src=\"https:\/\/united-against-waste.ch\/uploads\/2026\/02\/Focus-Food-Save-2026-188-scaled.jpg\" alt=\"\" class=\"wp-image-10167 smush-dimensions lazyload\" width=\"2560\" style=\"--smush-image-width: 2560px; --smush-image-aspect-ratio: 2560\/1707;\" src=\"data:image\/svg+xml;base64,PHN2ZyB3aWR0aD0iMSIgaGVpZ2h0PSIxIiB4bWxucz0iaHR0cDovL3d3dy53My5vcmcvMjAwMC9zdmciPjwvc3ZnPg==\" \/><\/figure>\n\n\n\n<figure class=\"wp-block-image size-large\"><img decoding=\"async\" data-id=\"10165\" data-src=\"https:\/\/united-against-waste.ch\/uploads\/2026\/02\/Focus-Food-Save-2026-76-scaled.jpg\" alt=\"\" class=\"wp-image-10165 smush-dimensions lazyload\" width=\"2560\" style=\"--smush-image-width: 2560px; --smush-image-aspect-ratio: 2560\/1707;\" src=\"data:image\/svg+xml;base64,PHN2ZyB3aWR0aD0iMSIgaGVpZ2h0PSIxIiB4bWxucz0iaHR0cDovL3d3dy53My5vcmcvMjAwMC9zdmciPjwvc3ZnPg==\" \/><\/figure>\n\n\n\n<figure class=\"wp-block-image size-large\"><img decoding=\"async\" width=\"1024\" height=\"683\" data-id=\"10163\" data-src=\"https:\/\/united-against-waste.ch\/smush-webp\/2026\/02\/Focus-Food-Save-2026-39-1024x683.jpg.webp\" alt=\"\" class=\"wp-image-10163 lazyload\" data-srcset=\"https:\/\/united-against-waste.ch\/smush-webp\/2026\/02\/Focus-Food-Save-2026-39-1024x683.jpg.webp 1024w, https:\/\/united-against-waste.ch\/smush-webp\/2026\/02\/Focus-Food-Save-2026-39-300x200.jpg.webp 300w, https:\/\/united-against-waste.ch\/smush-webp\/2026\/02\/Focus-Food-Save-2026-39-768x512.jpg.webp 768w, https:\/\/united-against-waste.ch\/smush-webp\/2026\/02\/Focus-Food-Save-2026-39-1536x1024.jpg.webp 1536w, https:\/\/united-against-waste.ch\/smush-webp\/2026\/02\/Focus-Food-Save-2026-39-2048x1365.jpg.webp 2048w, https:\/\/united-against-waste.ch\/smush-webp\/2026\/02\/Focus-Food-Save-2026-39-1920x1280.jpg.webp 1920w, https:\/\/united-against-waste.ch\/smush-webp\/2026\/02\/Focus-Food-Save-2026-39-900x600.jpg.webp 900w, https:\/\/united-against-waste.ch\/smush-webp\/2026\/02\/Focus-Food-Save-2026-39-105x70.jpg.webp 105w\" data-sizes=\"auto\" src=\"data:image\/svg+xml;base64,PHN2ZyB3aWR0aD0iMSIgaGVpZ2h0PSIxIiB4bWxucz0iaHR0cDovL3d3dy53My5vcmcvMjAwMC9zdmciPjwvc3ZnPg==\" style=\"--smush-placeholder-width: 1024px; --smush-placeholder-aspect-ratio: 1024\/683;\" data-original-sizes=\"(max-width: 1024px) 100vw, 1024px\" \/><\/figure>\n\n\n\n<figure class=\"wp-block-image size-large\"><img decoding=\"async\" width=\"1024\" height=\"683\" data-id=\"10161\" data-src=\"https:\/\/united-against-waste.ch\/smush-webp\/2026\/02\/Focus-Food-Save-2026-61-1024x683.jpg.webp\" alt=\"\" class=\"wp-image-10161 lazyload\" data-srcset=\"https:\/\/united-against-waste.ch\/smush-webp\/2026\/02\/Focus-Food-Save-2026-61-1024x683.jpg.webp 1024w, https:\/\/united-against-waste.ch\/smush-webp\/2026\/02\/Focus-Food-Save-2026-61-300x200.jpg.webp 300w, https:\/\/united-against-waste.ch\/smush-webp\/2026\/02\/Focus-Food-Save-2026-61-768x512.jpg.webp 768w, https:\/\/united-against-waste.ch\/smush-webp\/2026\/02\/Focus-Food-Save-2026-61-1536x1024.jpg.webp 1536w, https:\/\/united-against-waste.ch\/smush-webp\/2026\/02\/Focus-Food-Save-2026-61-2048x1365.jpg.webp 2048w, https:\/\/united-against-waste.ch\/smush-webp\/2026\/02\/Focus-Food-Save-2026-61-1920x1280.jpg.webp 1920w, https:\/\/united-against-waste.ch\/smush-webp\/2026\/02\/Focus-Food-Save-2026-61-900x600.jpg.webp 900w, https:\/\/united-against-waste.ch\/smush-webp\/2026\/02\/Focus-Food-Save-2026-61-105x70.jpg.webp 105w\" data-sizes=\"auto\" src=\"data:image\/svg+xml;base64,PHN2ZyB3aWR0aD0iMSIgaGVpZ2h0PSIxIiB4bWxucz0iaHR0cDovL3d3dy53My5vcmcvMjAwMC9zdmciPjwvc3ZnPg==\" style=\"--smush-placeholder-width: 1024px; --smush-placeholder-aspect-ratio: 1024\/683;\" data-original-sizes=\"(max-width: 1024px) 100vw, 1024px\" \/><\/figure>\n\n\n\n<figure class=\"wp-block-image size-large\"><img decoding=\"async\" data-id=\"10159\" data-src=\"https:\/\/united-against-waste.ch\/uploads\/2026\/02\/Focus-Food-Save-2026-89-scaled.jpg\" alt=\"\" class=\"wp-image-10159 smush-dimensions lazyload\" width=\"2560\" style=\"--smush-image-width: 2560px; --smush-image-aspect-ratio: 2560\/1707;\" src=\"data:image\/svg+xml;base64,PHN2ZyB3aWR0aD0iMSIgaGVpZ2h0PSIxIiB4bWxucz0iaHR0cDovL3d3dy53My5vcmcvMjAwMC9zdmciPjwvc3ZnPg==\" \/><\/figure>\n\n\n\n<figure class=\"wp-block-image size-large\"><img decoding=\"async\" data-id=\"10157\" data-src=\"https:\/\/united-against-waste.ch\/uploads\/2026\/02\/Focus-Food-Save-2026-10-scaled.jpg\" alt=\"\" class=\"wp-image-10157 smush-dimensions lazyload\" width=\"2560\" style=\"--smush-image-width: 2560px; --smush-image-aspect-ratio: 2560\/1707;\" src=\"data:image\/svg+xml;base64,PHN2ZyB3aWR0aD0iMSIgaGVpZ2h0PSIxIiB4bWxucz0iaHR0cDovL3d3dy53My5vcmcvMjAwMC9zdmciPjwvc3ZnPg==\" \/><\/figure>\n\n\n\n<figure class=\"wp-block-image size-large\"><img decoding=\"async\" data-id=\"10155\" data-src=\"https:\/\/united-against-waste.ch\/uploads\/2026\/02\/Focus-Food-Save-2026-92-scaled.jpg\" alt=\"\" class=\"wp-image-10155 smush-dimensions lazyload\" width=\"2560\" style=\"--smush-image-width: 2560px; --smush-image-aspect-ratio: 2560\/1707;\" src=\"data:image\/svg+xml;base64,PHN2ZyB3aWR0aD0iMSIgaGVpZ2h0PSIxIiB4bWxucz0iaHR0cDovL3d3dy53My5vcmcvMjAwMC9zdmciPjwvc3ZnPg==\" \/><\/figure>\n\n\n\n<figure class=\"wp-block-image size-large\"><img decoding=\"async\" data-id=\"10153\" data-src=\"https:\/\/united-against-waste.ch\/uploads\/2026\/02\/Focus-Food-Save-2026-40-scaled.jpg\" alt=\"\" class=\"wp-image-10153 smush-dimensions lazyload\" width=\"2560\" style=\"--smush-image-width: 2560px; --smush-image-aspect-ratio: 2560\/1707;\" src=\"data:image\/svg+xml;base64,PHN2ZyB3aWR0aD0iMSIgaGVpZ2h0PSIxIiB4bWxucz0iaHR0cDovL3d3dy53My5vcmcvMjAwMC9zdmciPjwvc3ZnPg==\" \/><\/figure>\n\n\n\n<figure class=\"wp-block-image size-large\"><img decoding=\"async\" data-id=\"10151\" data-src=\"https:\/\/united-against-waste.ch\/uploads\/2026\/02\/Focus-Food-Save-2026-18-scaled.jpg\" alt=\"\" class=\"wp-image-10151 smush-dimensions lazyload\" width=\"2560\" style=\"--smush-image-width: 2560px; --smush-image-aspect-ratio: 2560\/1707;\" src=\"data:image\/svg+xml;base64,PHN2ZyB3aWR0aD0iMSIgaGVpZ2h0PSIxIiB4bWxucz0iaHR0cDovL3d3dy53My5vcmcvMjAwMC9zdmciPjwvc3ZnPg==\" \/><\/figure>\n\n\n\n<figure class=\"wp-block-image size-large\"><img decoding=\"async\" data-id=\"10149\" data-src=\"https:\/\/united-against-waste.ch\/uploads\/2026\/02\/Focus-Food-Save-2026-11-scaled.jpg\" alt=\"\" class=\"wp-image-10149 smush-dimensions lazyload\" width=\"2560\" style=\"--smush-image-width: 2560px; --smush-image-aspect-ratio: 2560\/1707;\" src=\"data:image\/svg+xml;base64,PHN2ZyB3aWR0aD0iMSIgaGVpZ2h0PSIxIiB4bWxucz0iaHR0cDovL3d3dy53My5vcmcvMjAwMC9zdmciPjwvc3ZnPg==\" \/><\/figure>\n\n\n\n<figure class=\"wp-block-image size-large\"><img decoding=\"async\" data-id=\"10147\" data-src=\"https:\/\/united-against-waste.ch\/uploads\/2026\/02\/Focus-Food-Save-2026-100-scaled.jpg\" alt=\"\" class=\"wp-image-10147 smush-dimensions lazyload\" width=\"2560\" style=\"--smush-image-width: 2560px; --smush-image-aspect-ratio: 2560\/1707;\" src=\"data:image\/svg+xml;base64,PHN2ZyB3aWR0aD0iMSIgaGVpZ2h0PSIxIiB4bWxucz0iaHR0cDovL3d3dy53My5vcmcvMjAwMC9zdmciPjwvc3ZnPg==\" \/><\/figure>\n\n\n\n<figure class=\"wp-block-image size-large\"><img decoding=\"async\" data-id=\"10145\" data-src=\"https:\/\/united-against-waste.ch\/uploads\/2026\/02\/Focus-Food-Save-2026-14-scaled.jpg\" alt=\"\" class=\"wp-image-10145 smush-dimensions lazyload\" width=\"2560\" style=\"--smush-image-width: 2560px; --smush-image-aspect-ratio: 2560\/1707;\" src=\"data:image\/svg+xml;base64,PHN2ZyB3aWR0aD0iMSIgaGVpZ2h0PSIxIiB4bWxucz0iaHR0cDovL3d3dy53My5vcmcvMjAwMC9zdmciPjwvc3ZnPg==\" \/><\/figure>\n\n\n\n<figure class=\"wp-block-image size-large\"><img decoding=\"async\" data-id=\"10143\" data-src=\"https:\/\/united-against-waste.ch\/uploads\/2026\/02\/Focus-Food-Save-2026-97-scaled.jpg\" alt=\"\" class=\"wp-image-10143 smush-dimensions lazyload\" width=\"2560\" style=\"--smush-image-width: 2560px; --smush-image-aspect-ratio: 2560\/1707;\" src=\"data:image\/svg+xml;base64,PHN2ZyB3aWR0aD0iMSIgaGVpZ2h0PSIxIiB4bWxucz0iaHR0cDovL3d3dy53My5vcmcvMjAwMC9zdmciPjwvc3ZnPg==\" \/><\/figure>\n\n\n\n<figure class=\"wp-block-image size-large\"><img decoding=\"async\" data-id=\"10141\" data-src=\"https:\/\/united-against-waste.ch\/uploads\/2026\/02\/Focus-Food-Save-2026-113-scaled.jpg\" alt=\"\" class=\"wp-image-10141 smush-dimensions lazyload\" width=\"2560\" style=\"--smush-image-width: 2560px; --smush-image-aspect-ratio: 2560\/1707;\" src=\"data:image\/svg+xml;base64,PHN2ZyB3aWR0aD0iMSIgaGVpZ2h0PSIxIiB4bWxucz0iaHR0cDovL3d3dy53My5vcmcvMjAwMC9zdmciPjwvc3ZnPg==\" \/><\/figure>\n\n\n\n<figure class=\"wp-block-image size-large\"><img decoding=\"async\" data-id=\"10139\" data-src=\"https:\/\/united-against-waste.ch\/uploads\/2026\/02\/Focus-Food-Save-2026-118-scaled.jpg\" alt=\"\" class=\"wp-image-10139 smush-dimensions lazyload\" width=\"2560\" style=\"--smush-image-width: 2560px; --smush-image-aspect-ratio: 2560\/1707;\" src=\"data:image\/svg+xml;base64,PHN2ZyB3aWR0aD0iMSIgaGVpZ2h0PSIxIiB4bWxucz0iaHR0cDovL3d3dy53My5vcmcvMjAwMC9zdmciPjwvc3ZnPg==\" \/><\/figure>\n\n\n\n<figure class=\"wp-block-image size-large\"><img decoding=\"async\" data-id=\"10137\" data-src=\"https:\/\/united-against-waste.ch\/uploads\/2026\/02\/Focus-Food-Save-2026-35-scaled.jpg\" alt=\"\" class=\"wp-image-10137 smush-dimensions lazyload\" width=\"2560\" style=\"--smush-image-width: 2560px; --smush-image-aspect-ratio: 2560\/1707;\" src=\"data:image\/svg+xml;base64,PHN2ZyB3aWR0aD0iMSIgaGVpZ2h0PSIxIiB4bWxucz0iaHR0cDovL3d3dy53My5vcmcvMjAwMC9zdmciPjwvc3ZnPg==\" \/><\/figure>\n\n\n\n<figure class=\"wp-block-image size-large\"><img decoding=\"async\" data-id=\"10135\" data-src=\"https:\/\/united-against-waste.ch\/uploads\/2026\/02\/Focus-Food-Save-2026-5-scaled.jpg\" alt=\"\" class=\"wp-image-10135 smush-dimensions lazyload\" width=\"2560\" style=\"--smush-image-width: 2560px; --smush-image-aspect-ratio: 2560\/1707;\" src=\"data:image\/svg+xml;base64,PHN2ZyB3aWR0aD0iMSIgaGVpZ2h0PSIxIiB4bWxucz0iaHR0cDovL3d3dy53My5vcmcvMjAwMC9zdmciPjwvc3ZnPg==\" \/><\/figure>\n<\/figure>\n\n\n\n<div style=\"height:40px\" aria-hidden=\"true\" class=\"wp-block-spacer\"><\/div>\n\n\n\n<p class=\"wp-block-paragraph\"><strong>Cet \u00e9v\u00e9nement est une initiative de :<\/strong><\/p>\n\n\n\n<figure class=\"wp-block-image size-full is-resized\"><img decoding=\"async\" width=\"600\" height=\"240\" data-src=\"https:\/\/united-against-waste.ch\/smush-webp\/2014\/02\/uaw-logo-fr.png.webp\" alt=\"\" class=\"wp-image-3916 lazyload\" style=\"--smush-placeholder-width: 600px; --smush-placeholder-aspect-ratio: 600\/240;width:250px\" data-srcset=\"https:\/\/united-against-waste.ch\/smush-webp\/2014\/02\/uaw-logo-fr.png.webp 600w, https:\/\/united-against-waste.ch\/smush-webp\/2014\/02\/uaw-logo-fr-300x120.png.webp 300w, https:\/\/united-against-waste.ch\/smush-webp\/2014\/02\/uaw-logo-fr-260x104.png.webp 260w\" data-sizes=\"auto\" src=\"data:image\/svg+xml;base64,PHN2ZyB3aWR0aD0iMSIgaGVpZ2h0PSIxIiB4bWxucz0iaHR0cDovL3d3dy53My5vcmcvMjAwMC9zdmciPjwvc3ZnPg==\" data-original-sizes=\"(max-width: 600px) 100vw, 600px\" \/><\/figure>\n\n\n\n<div style=\"height:40px\" aria-hidden=\"true\" class=\"wp-block-spacer\"><\/div>\n\n\n\n<figure class=\"wp-block-image\"><a href=\"https:\/\/united-against-waste.ch\/smush-webp\/2022\/11\/BAFU_d_CMYK_pos_hoch.png.webp\" data-rel=\"lightbox-gallery-wctrLmnQ\" data-magnific_type=\"image\" data-rl_title=\"\" data-rl_caption=\"\" title=\"\"><img decoding=\"async\" width=\"300\" height=\"114\" data-src=\"https:\/\/united-against-waste.ch\/smush-webp\/2022\/11\/BAFU_d_CMYK_pos_hoch-300x114.png.webp\" alt=\"\" class=\"wp-image-6627 lazyload\" data-srcset=\"https:\/\/united-against-waste.ch\/smush-webp\/2022\/11\/BAFU_d_CMYK_pos_hoch-300x114.png.webp 300w, https:\/\/united-against-waste.ch\/smush-webp\/2022\/11\/BAFU_d_CMYK_pos_hoch-185x70.png.webp 185w, https:\/\/united-against-waste.ch\/smush-webp\/2022\/11\/BAFU_d_CMYK_pos_hoch.png.webp 650w\" data-sizes=\"auto\" src=\"data:image\/svg+xml;base64,PHN2ZyB3aWR0aD0iMSIgaGVpZ2h0PSIxIiB4bWxucz0iaHR0cDovL3d3dy53My5vcmcvMjAwMC9zdmciPjwvc3ZnPg==\" style=\"--smush-placeholder-width: 300px; --smush-placeholder-aspect-ratio: 300\/114;\" data-original-sizes=\"(max-width: 300px) 100vw, 300px\" \/><\/a><\/figure>\n","protected":false},"excerpt":{"rendered":"<p>Le highlight annuel de Food Save &#8211; avec des invit\u00e9s inspirants et des ateliers passionnants.<\/p>\n","protected":false},"featured_media":9403,"template":"","meta":{"inline_featured_image":false},"class_list":["post-9352","uaw_newspress","type-uaw_newspress","status-publish","has-post-thumbnail","hentry","uaw_newspress_tags-evenements-passes","uaw_newspress_tags-vergangene-termine"],"acf":[],"aioseo_notices":[],"aioseo_head":"\n\t\t<!-- All in One SEO 5.0.1.1 - aioseo.com -->\n\t<meta name=\"description\" content=\"Le highlight annuel de Food Save - avec des invit\u00e9s inspirants et des ateliers passionnants.\" \/>\n\t<meta name=\"robots\" content=\"max-image-preview:large\" \/>\n\t<link rel=\"canonical\" href=\"https:\/\/united-against-waste.ch\/fr\/evenement\/focus-food-save-2026\/\" \/>\n\t<meta name=\"generator\" content=\"All in One SEO (AIOSEO) 5.0.1.1\" \/>\n\t\t<meta property=\"og:locale\" content=\"fr_FR\" \/>\n\t\t<meta property=\"og:site_name\" content=\"United Against Waste - Gemeinsam gegen Verschwendung\" \/>\n\t\t<meta property=\"og:type\" content=\"article\" \/>\n\t\t<meta property=\"og:title\" content=\"Focus Food Save 2026 - United Against Waste\" \/>\n\t\t<meta property=\"og:description\" content=\"Le highlight annuel de Food Save - avec des invit\u00e9s inspirants et des ateliers passionnants.\" \/>\n\t\t<meta property=\"og:url\" content=\"https:\/\/united-against-waste.ch\/fr\/evenement\/focus-food-save-2026\/\" \/>\n\t\t<meta property=\"article:published_time\" content=\"2026-02-05T11:00:55+00:00\" \/>\n\t\t<meta property=\"article:modified_time\" content=\"2026-08-19T11:38:38+00:00\" \/>\n\t\t<meta name=\"twitter:card\" content=\"summary_large_image\" \/>\n\t\t<meta name=\"twitter:title\" content=\"Focus Food Save 2026 - United Against Waste\" \/>\n\t\t<meta name=\"twitter:description\" content=\"Le highlight annuel de Food Save - avec des invit\u00e9s inspirants et des ateliers passionnants.\" \/>\n\t\t<script type=\"application\/ld+json\" class=\"aioseo-schema\">\n\t\t\t{\"@context\":\"https:\\\/\\\/schema.org\",\"@graph\":[{\"@type\":\"BreadcrumbList\",\"@id\":\"https:\\\/\\\/united-against-waste.ch\\\/fr\\\/evenement\\\/focus-food-save-2026\\\/#breadcrumblist\",\"itemListElement\":[{\"@type\":\"ListItem\",\"@id\":\"https:\\\/\\\/united-against-waste.ch\\\/fr\\\/#listItem\",\"position\":1,\"name\":\"Home\",\"item\":\"https:\\\/\\\/united-against-waste.ch\\\/fr\\\/\",\"nextItem\":{\"@type\":\"ListItem\",\"@id\":\"https:\\\/\\\/united-against-waste.ch\\\/fr\\\/events\\\/#listItem\",\"name\":\"Events\"}},{\"@type\":\"ListItem\",\"@id\":\"https:\\\/\\\/united-against-waste.ch\\\/fr\\\/events\\\/#listItem\",\"position\":2,\"name\":\"Events\",\"item\":\"https:\\\/\\\/united-against-waste.ch\\\/fr\\\/events\\\/\",\"nextItem\":{\"@type\":\"ListItem\",\"@id\":\"https:\\\/\\\/united-against-waste.ch\\\/fr\\\/events-filter\\\/evenements-passes\\\/#listItem\",\"name\":\"\\u00c9v\\u00e9nements Pass\\u00e9s\"},\"previousItem\":{\"@type\":\"ListItem\",\"@id\":\"https:\\\/\\\/united-against-waste.ch\\\/fr\\\/#listItem\",\"name\":\"Home\"}},{\"@type\":\"ListItem\",\"@id\":\"https:\\\/\\\/united-against-waste.ch\\\/fr\\\/events-filter\\\/evenements-passes\\\/#listItem\",\"position\":3,\"name\":\"\\u00c9v\\u00e9nements Pass\\u00e9s\",\"item\":\"https:\\\/\\\/united-against-waste.ch\\\/fr\\\/events-filter\\\/evenements-passes\\\/\",\"nextItem\":{\"@type\":\"ListItem\",\"@id\":\"https:\\\/\\\/united-against-waste.ch\\\/fr\\\/evenement\\\/focus-food-save-2026\\\/#listItem\",\"name\":\"Focus Food Save 2026\"},\"previousItem\":{\"@type\":\"ListItem\",\"@id\":\"https:\\\/\\\/united-against-waste.ch\\\/fr\\\/events\\\/#listItem\",\"name\":\"Events\"}},{\"@type\":\"ListItem\",\"@id\":\"https:\\\/\\\/united-against-waste.ch\\\/fr\\\/evenement\\\/focus-food-save-2026\\\/#listItem\",\"position\":4,\"name\":\"Focus Food Save 2026\",\"previousItem\":{\"@type\":\"ListItem\",\"@id\":\"https:\\\/\\\/united-against-waste.ch\\\/fr\\\/events-filter\\\/evenements-passes\\\/#listItem\",\"name\":\"\\u00c9v\\u00e9nements Pass\\u00e9s\"}}]},{\"@type\":\"Organization\",\"@id\":\"https:\\\/\\\/united-against-waste.ch\\\/fr\\\/#organization\",\"name\":\"United Against Waste\",\"description\":\"Gemeinsam gegen Verschwendung\",\"url\":\"https:\\\/\\\/united-against-waste.ch\\\/fr\\\/\"},{\"@type\":\"WebPage\",\"@id\":\"https:\\\/\\\/united-against-waste.ch\\\/fr\\\/evenement\\\/focus-food-save-2026\\\/#webpage\",\"url\":\"https:\\\/\\\/united-against-waste.ch\\\/fr\\\/evenement\\\/focus-food-save-2026\\\/\",\"name\":\"Focus Food Save 2026 - United Against Waste\",\"description\":\"Le highlight annuel de Food Save - avec des invit\\u00e9s inspirants et des ateliers passionnants.\",\"inLanguage\":\"fr-FR\",\"isPartOf\":{\"@id\":\"https:\\\/\\\/united-against-waste.ch\\\/fr\\\/#website\"},\"breadcrumb\":{\"@id\":\"https:\\\/\\\/united-against-waste.ch\\\/fr\\\/evenement\\\/focus-food-save-2026\\\/#breadcrumblist\"},\"image\":{\"@type\":\"ImageObject\",\"url\":\"https:\\\/\\\/united-against-waste.ch\\\/uploads\\\/2026\\\/02\\\/focus-food-save-header-1200-x-800x-franz_2-1.png\",\"@id\":\"https:\\\/\\\/united-against-waste.ch\\\/fr\\\/evenement\\\/focus-food-save-2026\\\/#mainImage\",\"width\":1200,\"height\":800},\"primaryImageOfPage\":{\"@id\":\"https:\\\/\\\/united-against-waste.ch\\\/fr\\\/evenement\\\/focus-food-save-2026\\\/#mainImage\"},\"datePublished\":\"2026-02-05T11:00:55+00:00\",\"dateModified\":\"2026-08-19T11:38:38+00:00\"},{\"@type\":\"WebSite\",\"@id\":\"https:\\\/\\\/united-against-waste.ch\\\/fr\\\/#website\",\"url\":\"https:\\\/\\\/united-against-waste.ch\\\/fr\\\/\",\"name\":\"United Against Waste\",\"description\":\"Gemeinsam gegen Verschwendung\",\"inLanguage\":\"fr-FR\",\"publisher\":{\"@id\":\"https:\\\/\\\/united-against-waste.ch\\\/fr\\\/#organization\"}}]}\n\t\t<\/script>\n\t\t<!-- All in One SEO -->\n\n","aioseo_head_json":{"title":"Focus Food Save 2026 - United Against Waste","description":"Le highlight annuel de Food Save - avec des invit\u00e9s inspirants et des ateliers passionnants.","canonical_url":"https:\/\/united-against-waste.ch\/fr\/evenement\/focus-food-save-2026\/","robots":"max-image-preview:large","keywords":"","webmasterTools":{"miscellaneous":""},"schema":{"@context":"https:\/\/schema.org","@graph":[{"@type":"BreadcrumbList","@id":"https:\/\/united-against-waste.ch\/fr\/evenement\/focus-food-save-2026\/#breadcrumblist","itemListElement":[{"@type":"ListItem","@id":"https:\/\/united-against-waste.ch\/fr\/#listItem","position":1,"name":"Home","item":"https:\/\/united-against-waste.ch\/fr\/","nextItem":{"@type":"ListItem","@id":"https:\/\/united-against-waste.ch\/fr\/events\/#listItem","name":"Events"}},{"@type":"ListItem","@id":"https:\/\/united-against-waste.ch\/fr\/events\/#listItem","position":2,"name":"Events","item":"https:\/\/united-against-waste.ch\/fr\/events\/","nextItem":{"@type":"ListItem","@id":"https:\/\/united-against-waste.ch\/fr\/events-filter\/evenements-passes\/#listItem","name":"\u00c9v\u00e9nements Pass\u00e9s"},"previousItem":{"@type":"ListItem","@id":"https:\/\/united-against-waste.ch\/fr\/#listItem","name":"Home"}},{"@type":"ListItem","@id":"https:\/\/united-against-waste.ch\/fr\/events-filter\/evenements-passes\/#listItem","position":3,"name":"\u00c9v\u00e9nements Pass\u00e9s","item":"https:\/\/united-against-waste.ch\/fr\/events-filter\/evenements-passes\/","nextItem":{"@type":"ListItem","@id":"https:\/\/united-against-waste.ch\/fr\/evenement\/focus-food-save-2026\/#listItem","name":"Focus Food Save 2026"},"previousItem":{"@type":"ListItem","@id":"https:\/\/united-against-waste.ch\/fr\/events\/#listItem","name":"Events"}},{"@type":"ListItem","@id":"https:\/\/united-against-waste.ch\/fr\/evenement\/focus-food-save-2026\/#listItem","position":4,"name":"Focus Food Save 2026","previousItem":{"@type":"ListItem","@id":"https:\/\/united-against-waste.ch\/fr\/events-filter\/evenements-passes\/#listItem","name":"\u00c9v\u00e9nements Pass\u00e9s"}}]},{"@type":"Organization","@id":"https:\/\/united-against-waste.ch\/fr\/#organization","name":"United Against Waste","description":"Gemeinsam gegen Verschwendung","url":"https:\/\/united-against-waste.ch\/fr\/"},{"@type":"WebPage","@id":"https:\/\/united-against-waste.ch\/fr\/evenement\/focus-food-save-2026\/#webpage","url":"https:\/\/united-against-waste.ch\/fr\/evenement\/focus-food-save-2026\/","name":"Focus Food Save 2026 - United Against Waste","description":"Le highlight annuel de Food Save - avec des invit\u00e9s inspirants et des ateliers passionnants.","inLanguage":"fr-FR","isPartOf":{"@id":"https:\/\/united-against-waste.ch\/fr\/#website"},"breadcrumb":{"@id":"https:\/\/united-against-waste.ch\/fr\/evenement\/focus-food-save-2026\/#breadcrumblist"},"image":{"@type":"ImageObject","url":"https:\/\/united-against-waste.ch\/uploads\/2026\/02\/focus-food-save-header-1200-x-800x-franz_2-1.png","@id":"https:\/\/united-against-waste.ch\/fr\/evenement\/focus-food-save-2026\/#mainImage","width":1200,"height":800},"primaryImageOfPage":{"@id":"https:\/\/united-against-waste.ch\/fr\/evenement\/focus-food-save-2026\/#mainImage"},"datePublished":"2026-02-05T11:00:55+00:00","dateModified":"2026-08-19T11:38:38+00:00"},{"@type":"WebSite","@id":"https:\/\/united-against-waste.ch\/fr\/#website","url":"https:\/\/united-against-waste.ch\/fr\/","name":"United Against Waste","description":"Gemeinsam gegen Verschwendung","inLanguage":"fr-FR","publisher":{"@id":"https:\/\/united-against-waste.ch\/fr\/#organization"}}]},"og:locale":"fr_FR","og:site_name":"United Against Waste - Gemeinsam gegen Verschwendung","og:type":"article","og:title":"Focus Food Save 2026 - United Against Waste","og:description":"Le highlight annuel de Food Save - avec des invit\u00e9s inspirants et des ateliers passionnants.","og:url":"https:\/\/united-against-waste.ch\/fr\/evenement\/focus-food-save-2026\/","article:published_time":"2026-02-05T11:00:55+00:00","article:modified_time":"2026-08-19T11:38:38+00:00","twitter:card":"summary_large_image","twitter:title":"Focus Food Save 2026 - United Against Waste","twitter:description":"Le highlight annuel de Food Save - avec des invit\u00e9s inspirants et des ateliers passionnants."},"aioseo_meta_data":{"post_id":"9352","title":null,"description":null,"keywords":null,"keyphrases":{"focus":{"keyphrase":"","score":0,"analysis":{"keyphraseInTitle":{"score":0,"maxScore":9,"error":1}}},"additional":[]},"primary_term":null,"canonical_url":null,"og_title":null,"og_description":null,"og_object_type":"default","og_image_type":"default","og_image_url":null,"og_image_width":null,"og_image_height":null,"og_image_custom_url":null,"og_image_custom_fields":null,"og_video":"","og_custom_url":null,"og_article_section":null,"og_article_tags":null,"twitter_use_og":false,"twitter_card":"default","twitter_image_type":"default","twitter_image_url":null,"twitter_image_custom_url":null,"twitter_image_custom_fields":null,"twitter_title":null,"twitter_description":null,"schema":{"blockGraphs":[],"customGraphs":[],"default":{"data":{"Article":[],"Course":[],"Dataset":[],"FAQPage":[],"Movie":[],"Person":[],"Product":[],"ProductReview":[],"Car":[],"Recipe":[],"Service":[],"SoftwareApplication":[],"WebPage":[]},"graphName":"WebPage","isEnabled":true},"graphs":[]},"schema_type":"default","schema_type_options":null,"pillar_content":false,"robots_default":true,"robots_noindex":false,"robots_noarchive":false,"robots_nosnippet":false,"robots_nofollow":false,"robots_noimageindex":false,"robots_noodp":false,"robots_notranslate":false,"robots_max_snippet":"-1","robots_max_videopreview":"-1","robots_max_imagepreview":"large","priority":null,"frequency":"default","local_seo":null,"breadcrumb_settings":null,"limit_modified_date":false,"ai":{"faqs":[],"keyPoints":[],"schemas":[],"titles":[],"descriptions":[],"socialPosts":{"email":{"subject":"","preview":"","content":""},"linkedin":[],"twitter":[],"facebook":[],"instagram":[]}},"created":"2026-02-20 12:31:09","updated":"2026-08-19 12:20:39","seo_analyzer_scan_date":null,"focus_keyword":null,"additional_keywords":null,"truseo_locale":null},"aioseo_breadcrumb":"<div class=\"aioseo-breadcrumbs\"><span class=\"aioseo-breadcrumb\">\n\t\t\t<a href=\"https:\/\/united-against-waste.ch\/fr\/\" title=\"Home\">Home<\/a>\n\t\t<\/span><span class=\"aioseo-breadcrumb-separator\">&raquo;<\/span><span class=\"aioseo-breadcrumb\">\n\t\t\t<a href=\"https:\/\/united-against-waste.ch\/fr\/events\/\" title=\"Events\">Events<\/a>\n\t\t<\/span><span class=\"aioseo-breadcrumb-separator\">&raquo;<\/span><span class=\"aioseo-breadcrumb\">\n\t\t\t<a href=\"https:\/\/united-against-waste.ch\/fr\/events-filter\/evenements-passes\/\" title=\"\u00c9v\u00e9nements Pass\u00e9s\">\u00c9v\u00e9nements Pass\u00e9s<\/a>\n\t\t<\/span><span class=\"aioseo-breadcrumb-separator\">&raquo;<\/span><span class=\"aioseo-breadcrumb\">\n\t\t\tFocus Food Save 2026\n\t\t<\/span><\/div>","aioseo_breadcrumb_json":[{"label":"Home","link":"https:\/\/united-against-waste.ch\/fr\/"},{"label":"Events","link":"https:\/\/united-against-waste.ch\/fr\/events\/"},{"label":"\u00c9v\u00e9nements Pass\u00e9s","link":"https:\/\/united-against-waste.ch\/fr\/events-filter\/evenements-passes\/"},{"label":"Focus Food Save 2026","link":"https:\/\/united-against-waste.ch\/fr\/evenement\/focus-food-save-2026\/"}],"_links":{"self":[{"href":"https:\/\/united-against-waste.ch\/fr\/wp-json\/wp\/v2\/uaw_newspress\/9352","targetHints":{"allow":["GET"]}}],"collection":[{"href":"https:\/\/united-against-waste.ch\/fr\/wp-json\/wp\/v2\/uaw_newspress"}],"about":[{"href":"https:\/\/united-against-waste.ch\/fr\/wp-json\/wp\/v2\/types\/uaw_newspress"}],"wp:featuredmedia":[{"embeddable":true,"href":"https:\/\/united-against-waste.ch\/fr\/wp-json\/wp\/v2\/media\/9403"}],"wp:attachment":[{"href":"https:\/\/united-against-waste.ch\/fr\/wp-json\/wp\/v2\/media?parent=9352"}],"curies":[{"name":"wp","href":"https:\/\/api.w.org\/{rel}","templated":true}]}}