{"id":920,"date":"2015-04-20T13:38:59","date_gmt":"2015-04-20T13:38:59","guid":{"rendered":"https:\/\/www.united-against-waste.ch\/?post_type=uaw_newspress&#038;p=920"},"modified":"2016-04-01T15:04:17","modified_gmt":"2016-04-01T15:04:18","slug":"uaw-an-der-igeho-2015","status":"publish","type":"uaw_newspress","link":"https:\/\/united-against-waste.ch\/fr\/evenement\/uaw-an-der-igeho-2015\/","title":{"rendered":"UAW \u00e0 l&#8217;Igeho 2015"},"content":{"rendered":"<p>L&#8217;association va de nouveau \u00eatre repr\u00e9sent\u00e9e au <a href=\"http:\/\/www.igeho.ch\/fr-CH.aspx\" target=\"_blank\">Salon international de l&#8217;h\u00f4tellerie, de la gastronomie et de la consommation hors domicile (Igeho)<\/a>, qui a lieu \u00e0 la Foire de B\u00e2le.<\/p>\n<p>Rendez-vous visite pour un entretien personnel au <a href=\"http:\/\/www.igeho24.ch\/de\/Angebote-von-United-Against-Waste,p1481570#hallplan$1327$A090\" target=\"_blank\">halle 1.0, stand A090<\/a>.<\/p>\n","protected":false},"excerpt":{"rendered":"<p>L&#8217;association va de nouveau \u00eatre repr\u00e9sent\u00e9e au Salon international de l&#8217;h\u00f4tellerie, de la gastronomie et de la consommation hors domicile (Igeho), qui a lieu \u00e0 la Foire de B\u00e2le. Rendez-vous visite pour un entretien personnel au halle 1.0, stand A090.<\/p>\n","protected":false},"featured_media":911,"template":"","meta":{"inline_featured_image":false},"class_list":["post-920","uaw_newspress","type-uaw_newspress","status-publish","has-post-thumbnail","hentry","uaw_newspress_tags-evenements-passes"],"acf":[],"aioseo_notices":[],"_links":{"self":[{"href":"https:\/\/united-against-waste.ch\/fr\/wp-json\/wp\/v2\/uaw_newspress\/920","targetHints":{"allow":["GET"]}}],"collection":[{"href":"https:\/\/united-against-waste.ch\/fr\/wp-json\/wp\/v2\/uaw_newspress"}],"about":[{"href":"https:\/\/united-against-waste.ch\/fr\/wp-json\/wp\/v2\/types\/uaw_newspress"}],"wp:featuredmedia":[{"embeddable":true,"href":"https:\/\/united-against-waste.ch\/fr\/wp-json\/wp\/v2\/media\/911"}],"wp:attachment":[{"href":"https:\/\/united-against-waste.ch\/fr\/wp-json\/wp\/v2\/media?parent=920"}],"curies":[{"name":"wp","href":"https:\/\/api.w.org\/{rel}","templated":true}]}}