{"id":3811,"date":"2022-01-05T13:09:08","date_gmt":"2022-01-05T13:09:08","guid":{"rendered":"https:\/\/www.united-against-waste.ch\/1639154141459\/fr\/?post_type=uaw_newspress&#038;p=3811"},"modified":"2022-01-14T13:16:43","modified_gmt":"2022-01-14T13:16:43","slug":"food-save-lucerne","status":"publish","type":"uaw_newspress","link":"https:\/\/united-against-waste.ch\/fr\/evenement\/food-save-lucerne\/","title":{"rendered":"Food Save Lucerne"},"content":{"rendered":"<p>Apr\u00e8s Food Save B\u00e2le-Ville et Food Save Oberland bernois, le grand projet Food Save Lucerne #FSLU sera lanc\u00e9 en 2022. Tu es de retour ?<\/p>\n<p><strong>Qu&#8217;il s&#8217;agisse du pont de la Chapelle, du Pilate ou du lac des Quatre-Cantons, United Against Waste viendra bient\u00f4t nous rendre visite et soutiendra 30 entreprises de restauration de la r\u00e9gion dans leur lutte contre le gaspillage alimentaire. Vous \u00eates restaurateur(trice) \u00e0 Lucerne ? Alors vous avez la chance unique de participer \u00e0 FSLU avec votre \u00e9tablissement. Nous avons mis sur pied un programme unique en son genre, qui a d\u00e9j\u00e0 permis \u00e0 plus de 60 \u00e9tablissements de r\u00e9aliser des \u00e9conomies d&#8217;\u00e9nergie ! Participez vous aussi !<\/strong><\/p>\n<p>&nbsp;<\/p>\n<h4>D\u00e9roulement du projet :<\/h4>\n<p>La fen\u00eatre d&#8217;inscription est ouverte jusqu&#8217;au <strong>30 mars 2022<\/strong> ou <strong>jusqu&#8217;\u00e0 ce que les 30 places disponibles aient \u00e9t\u00e9 attribu\u00e9es<\/strong>.<\/p>\n<p>&nbsp;<\/p>\n<p>La premi\u00e8re mesure, d&#8217;une dur\u00e9e de quatre semaines, se d\u00e9roulera <strong>d&#8217;avril \u00e0 juillet 2022<\/strong>, de mani\u00e8re \u00e9chelonn\u00e9e, par groupes de 10 entreprises.\u00a0Au d\u00e9but, chaque \u00e9tablissement recevra une introduction de lancement et pourra se pr\u00e9parer \u00e0 la p\u00e9riode de mesure officielle pendant une semaine de mesure en aveugle. Ensuite, chaque \u00e9tablissement h\u00f4telier mesure pendant quatre semaines les d\u00e9chets alimentaires avec un outil s\u00e9lectionn\u00e9. Apr\u00e8s la mesure initiale, un <strong>atelier individuel<\/strong> est organis\u00e9 sur place dans chaque \u00e9tablissement avec notre conseiller exp\u00e9riment\u00e9, au cours duquel les potentiels et les propositions d&#8217;am\u00e9lioration sont discut\u00e9s.<\/p>\n<p>&nbsp;<\/p>\n<p>Durant la m\u00eame p\u00e9riode, en 2023 et 2024, les entreprises ont la possibilit\u00e9 de r\u00e9aliser <strong>deux mesures de r\u00e9ussite<\/strong> en collaboration avec UAW. Celles-ci se d\u00e9roulent de la m\u00eame mani\u00e8re que la premi\u00e8re mesure. Elles permettent de voir comment l&#8217;entreprise a pu s&#8217;am\u00e9liorer et quelles \u00e9conomies ont pu \u00eatre r\u00e9alis\u00e9es. A la fin de l&#8217;\u00e9v\u00e9nement, nous activons nos partenaires de communication pour un regard unique sur les entreprises de #FSLU. Soyez curieux !<\/p>\n<p>&nbsp;<\/p>\n<h4>Les avantages pour vous :<\/h4>\n<ul>\n<li>En moyenne, 35% des d\u00e9chets alimentaires peuvent \u00eatre r\u00e9duits \u00e0 long terme par des mesures simples. Vous \u00e9conomisez ainsi des co\u00fbts de marchandises et motivez votre \u00e9quipe.<\/li>\n<li>Vous recevez une analyse d\u00e9taill\u00e9e pour votre entreprise et nous vous soutenons dans l&#8217;\u00e9valuation de mesures efficaces dans votre entreprise.<\/li>\n<li>Vous b\u00e9n\u00e9ficiez de l&#8217;accompagnement d&#8217;experts exp\u00e9riment\u00e9s de l&#8217;association United Against Waste.<\/li>\n<li>Vous sensibilisez l&#8217;ensemble de votre entreprise \u00e0 la question de Food Save.<\/li>\n<li>Vous apprenez \u00e0 utiliser des outils num\u00e9riques pour collecter des donn\u00e9es sur les pertes de denr\u00e9es alimentaires.<\/li>\n<li>Vous \u00eates au centre de nombreuses mesures de communication en ligne et hors ligne.<\/li>\n<\/ul>\n<h4><\/h4>\n<h4>Que devez-vous faire pour participer au projet ?<\/h4>\n<ul>\n<li>Vous participez au projet avec deux responsables de la gestion de l&#8217;entreprise et de la cuisine \u00e0 une date de votre choix.<\/li>\n<li>Vous r\u00e9alisez trois phases de mesure d\u00e9taill\u00e9es de quatre semaines chacune en l&#8217;espace de deux ans dans votre \u00e9tablissement.<\/li>\n<li>Vous participez aux co\u00fbts \u00e0 hauteur de CHF 1&#8217;500 par \u00e9tablissement (un h\u00f4pital correspond \u00e0 deux \u00e9tablissements). Le financement de base provient du canton de Lucerne et de United Against Waste. Vous compenserez en peu de temps votre participation aux frais sous forme d&#8217;\u00e9conomies sur les co\u00fbts des marchandises !<\/li>\n<\/ul>\n<p>Vous \u00eates int\u00e9ress\u00e9(e) ? Envoyez-nous un e-mail \u00e0 <a href=\"mailto:info@united-against-waste.ch\">info@united-against-waste.ch<\/a>.<\/p>\n<p>&nbsp;<\/p>\n<p>Si vous avez des questions, vous pouvez \u00e0 tout moment contacter <a href=\"mailto: info@united-against-waste.ch\">par e-mail<\/a> notre conseiller exp\u00e9riment\u00e9 Alexander Pabst.<\/p>\n<p><img decoding=\"async\" class=\"alignnone wp-image-3331 lazyload\" data-src=\"https:\/\/united-against-waste.ch\/smush-webp\/2020\/10\/Alex-3-225x300.png.webp\" alt=\"\" width=\"140\" height=\"187\" src=\"data:image\/svg+xml;base64,PHN2ZyB3aWR0aD0iMSIgaGVpZ2h0PSIxIiB4bWxucz0iaHR0cDovL3d3dy53My5vcmcvMjAwMC9zdmciPjwvc3ZnPg==\" style=\"--smush-placeholder-width: 140px; --smush-placeholder-aspect-ratio: 140\/187;\" \/><\/p>\n<p>&nbsp;<\/p>\n<p>&nbsp;<\/p>\n<p>Partenaire principal :<\/p>\n<p><img decoding=\"async\" class=\"alignnone wp-image-3711 lazyload\" data-src=\"https:\/\/united-against-waste.ch\/smush-webp\/2021\/12\/LogoLUZERN-300x42.png.webp\" alt=\"\" width=\"250\" height=\"35\" data-srcset=\"https:\/\/united-against-waste.ch\/smush-webp\/2021\/12\/LogoLUZERN-300x42.png.webp 300w, https:\/\/united-against-waste.ch\/smush-webp\/2021\/12\/LogoLUZERN-768x108.png.webp 768w, https:\/\/united-against-waste.ch\/smush-webp\/2021\/12\/LogoLUZERN-1024x144.png.webp 1024w, https:\/\/united-against-waste.ch\/smush-webp\/2021\/12\/LogoLUZERN-499x70.png.webp 499w, https:\/\/united-against-waste.ch\/smush-webp\/2021\/12\/LogoLUZERN.png.webp 1483w\" data-sizes=\"auto\" src=\"data:image\/svg+xml;base64,PHN2ZyB3aWR0aD0iMSIgaGVpZ2h0PSIxIiB4bWxucz0iaHR0cDovL3d3dy53My5vcmcvMjAwMC9zdmciPjwvc3ZnPg==\" style=\"--smush-placeholder-width: 250px; --smush-placeholder-aspect-ratio: 250\/35;\" data-original-sizes=\"(max-width: 250px) 100vw, 250px\" \/><\/p>\n<p>&nbsp;<\/p>\n<p>&nbsp;<\/p>\n<p>Partenaires :<\/p>\n<p><img decoding=\"async\" class=\"alignnone wp-image-3732 lazyload\" data-src=\"https:\/\/united-against-waste.ch\/uploads\/2021\/12\/ML_Pistor-300x78.png\" alt=\"\" width=\"250\" height=\"65\" src=\"data:image\/svg+xml;base64,PHN2ZyB3aWR0aD0iMSIgaGVpZ2h0PSIxIiB4bWxucz0iaHR0cDovL3d3dy53My5vcmcvMjAwMC9zdmciPjwvc3ZnPg==\" style=\"--smush-placeholder-width: 250px; --smush-placeholder-aspect-ratio: 250\/65;\" \/><\/p>\n","protected":false},"excerpt":{"rendered":"<p>Food Save Lucerne &#8211; Es-tu aussi de la partie ? Participez au projet Food Save unique en son genre dans la r\u00e9gion de Lucerne et r\u00e9duisez votre gaspillage alimentaire avec 29 autres entreprises !<\/p>\n","protected":false},"featured_media":3812,"template":"","meta":{"inline_featured_image":false},"class_list":["post-3811","uaw_newspress","type-uaw_newspress","status-publish","has-post-thumbnail","hentry","uaw_newspress_tags-evenements-passes"],"acf":[],"aioseo_notices":[],"_links":{"self":[{"href":"https:\/\/united-against-waste.ch\/fr\/wp-json\/wp\/v2\/uaw_newspress\/3811","targetHints":{"allow":["GET"]}}],"collection":[{"href":"https:\/\/united-against-waste.ch\/fr\/wp-json\/wp\/v2\/uaw_newspress"}],"about":[{"href":"https:\/\/united-against-waste.ch\/fr\/wp-json\/wp\/v2\/types\/uaw_newspress"}],"wp:featuredmedia":[{"embeddable":true,"href":"https:\/\/united-against-waste.ch\/fr\/wp-json\/wp\/v2\/media\/3812"}],"wp:attachment":[{"href":"https:\/\/united-against-waste.ch\/fr\/wp-json\/wp\/v2\/media?parent=3811"}],"curies":[{"name":"wp","href":"https:\/\/api.w.org\/{rel}","templated":true}]}}